
{"id":98191,"date":"2022-11-23T15:31:17","date_gmt":"2022-11-23T14:31:17","guid":{"rendered":"https:\/\/www.greentech.at\/?post_type=gtc-presse&#038;p=98191"},"modified":"2022-11-23T16:13:11","modified_gmt":"2022-11-23T15:13:11","slug":"eu-recognition-of-green-tech-valley-at-anniversary-regiostars-awards","status":"publish","type":"gtc-presse","link":"https:\/\/www.greentech.at\/en\/presse\/eu-recognition-of-green-tech-valley-at-anniversary-regiostars-awards\/","title":{"rendered":"Certificate of Excellence: EU recognition of the Green Tech Valley at the Anniversary Regiostars Awards"},"content":{"rendered":"\t\t<div data-elementor-type=\"wp-post\" data-elementor-id=\"98191\" class=\"elementor elementor-98191\" data-elementor-post-type=\"gtc-presse\">\n\t\t\t\t\t\t<section class=\"elementor-section elementor-top-section elementor-element elementor-element-c8e5900 elementor-section-boxed elementor-section-height-default elementor-section-height-default\" data-id=\"c8e5900\" data-element_type=\"section\" data-e-type=\"section\">\n\t\t\t\t\t\t<div class=\"elementor-container elementor-column-gap-default\">\n\t\t\t\t\t<div class=\"elementor-column elementor-col-100 elementor-top-column elementor-element elementor-element-908897a\" data-id=\"908897a\" data-element_type=\"column\" data-e-type=\"column\">\n\t\t\t<div class=\"elementor-widget-wrap elementor-element-populated\">\n\t\t\t\t\t\t<div class=\"elementor-element elementor-element-90f7b59 elementor-widget-tablet__width-inherit elementor-widget elementor-widget-text-editor\" data-id=\"90f7b59\" data-element_type=\"widget\" data-e-type=\"widget\" data-widget_type=\"text-editor.default\">\n\t\t\t\t<div class=\"elementor-widget-container\">\n\t\t\t\t\t\t\t\t\t<p>The Green Tech Valley is <em>the<\/em> hot bed for green innovation. The jury of the EU Commission also came to this conclusion and after 2012, the Valley has now been awarded the \u201cBest of 15 Years\u201d EU Regiostars Award. Each year, hundreds of projects register to compete for the coveted Regiostars Awards under five categories that include SMART, GREEN, FAIR and URBAN Europe. At the anniversary, the Valley has now been honoured once more, from among 300 finalists and winners of the last 15 years, for particularly strong continuous further development. <em>\u201cIt gives us great pleasure to receive this award, as a representative, for all the great achievements and the active collaboration of all the companies and research institutions in the Green Tech Valley. Together we have worked and continue to strive to enable global green transformation for a future worth living in, through solutions from Styria and Carinthia\u201d<\/em>, commented Bernhard Puttinger, CEO of the Green Tech Valley Cluster.<\/p>\t\t\t\t\t\t\t\t<\/div>\n\t\t\t\t<\/div>\n\t\t\t\t\t<\/div>\n\t\t<\/div>\n\t\t\t\t\t<\/div>\n\t\t<\/section>\n\t\t\t\t<section class=\"elementor-section elementor-top-section elementor-element elementor-element-1c325ab elementor-section-boxed elementor-section-height-default elementor-section-height-default\" data-id=\"1c325ab\" data-element_type=\"section\" data-e-type=\"section\">\n\t\t\t\t\t\t<div class=\"elementor-container elementor-column-gap-default\">\n\t\t\t\t\t<div class=\"elementor-column elementor-col-100 elementor-top-column elementor-element elementor-element-8a359c8\" data-id=\"8a359c8\" data-element_type=\"column\" data-e-type=\"column\">\n\t\t\t<div class=\"elementor-widget-wrap elementor-element-populated\">\n\t\t\t\t\t\t<div class=\"elementor-element elementor-element-ee35d4f elementor-widget__width-inherit elementor-widget-tablet__width-inherit elementor-widget-mobile__width-inherit elementor-widget elementor-widget-heading\" data-id=\"ee35d4f\" data-element_type=\"widget\" data-e-type=\"widget\" data-widget_type=\"heading.default\">\n\t\t\t\t<div class=\"elementor-widget-container\">\n\t\t\t\t\t<h2 class=\"elementor-heading-title elementor-size-default\">A growing and thriving Green Tech Valley<\/h2>\t\t\t\t<\/div>\n\t\t\t\t<\/div>\n\t\t\t\t\t<\/div>\n\t\t<\/div>\n\t\t\t\t\t<\/div>\n\t\t<\/section>\n\t\t\t\t<section class=\"elementor-section elementor-top-section elementor-element elementor-element-74a14ab elementor-section-boxed elementor-section-height-default elementor-section-height-default\" data-id=\"74a14ab\" data-element_type=\"section\" data-e-type=\"section\">\n\t\t\t\t\t\t<div class=\"elementor-container elementor-column-gap-default\">\n\t\t\t\t\t<div class=\"elementor-column elementor-col-100 elementor-top-column elementor-element elementor-element-a760262\" data-id=\"a760262\" data-element_type=\"column\" data-e-type=\"column\">\n\t\t\t<div class=\"elementor-widget-wrap elementor-element-populated\">\n\t\t\t\t\t\t<div class=\"elementor-element elementor-element-be5728d elementor-widget-tablet__width-inherit elementor-widget elementor-widget-text-editor\" data-id=\"be5728d\" data-element_type=\"widget\" data-e-type=\"widget\" data-widget_type=\"text-editor.default\">\n\t\t\t\t<div class=\"elementor-widget-container\">\n\t\t\t\t\t\t\t\t\t<p>The Green Tech Valley location has an industrial history that goes back over 100 years.\u00a0Today, Styria and Carinthia unite over 300 green technology providers in areas such as biomass, solar, hydropower and recycling. 2,300 research workers collaborate with industry on the green solutions of the future. And they are a significant boost to the economy: In just 10 years, the companies in the Green Tech Valley have doubled the number of their employees and tripled their turnover. Around 24,500 people are currently employed in the energy and environmental technology sector. Together they generate annual green tech sales of\u00a0 6.8 billion euros. State Minister of Economic Affairs, Barbara Eibinger-Miedl, underlined the great importance of the Green Tech Valley for the location: <em>\u201cThrough the development of green technology, the research workers in the Green Tech Valley make an important contribution to value creation and create valuable jobs. Simultaneously, they also have an impact on climate turnaround and maintaining our quality of life. They are an impressive demonstration that economic growth and climate protection are not mutually exclusive, but go hand in hand. Presentation of the &#8220;Best of 15 Years&#8221; EU Regiostars Award underlines the pioneering spirit of our region, not just in Austria but also within Europe.&#8221;<\/em><\/p>\t\t\t\t\t\t\t\t<\/div>\n\t\t\t\t<\/div>\n\t\t\t\t\t<\/div>\n\t\t<\/div>\n\t\t\t\t\t<\/div>\n\t\t<\/section>\n\t\t\t\t<section class=\"elementor-section elementor-top-section elementor-element elementor-element-b208ab4 elementor-section-boxed elementor-section-height-default elementor-section-height-default\" data-id=\"b208ab4\" data-element_type=\"section\" data-e-type=\"section\">\n\t\t\t\t\t\t<div class=\"elementor-container elementor-column-gap-default\">\n\t\t\t\t\t<div class=\"elementor-column elementor-col-100 elementor-top-column elementor-element elementor-element-8495553\" data-id=\"8495553\" data-element_type=\"column\" data-e-type=\"column\">\n\t\t\t<div class=\"elementor-widget-wrap elementor-element-populated\">\n\t\t\t\t\t\t<div class=\"elementor-element elementor-element-41c1b2e elementor-widget__width-inherit elementor-widget-tablet__width-inherit elementor-widget-mobile__width-inherit elementor-widget elementor-widget-heading\" data-id=\"41c1b2e\" data-element_type=\"widget\" data-e-type=\"widget\" data-widget_type=\"heading.default\">\n\t\t\t\t<div class=\"elementor-widget-container\">\n\t\t\t\t\t<h2 class=\"elementor-heading-title elementor-size-default\">The global impact of Styrian &amp; Carinthian technology\n\n<\/h2>\t\t\t\t<\/div>\n\t\t\t\t<\/div>\n\t\t\t\t\t<\/div>\n\t\t<\/div>\n\t\t\t\t\t<\/div>\n\t\t<\/section>\n\t\t\t\t<section class=\"elementor-section elementor-top-section elementor-element elementor-element-746b937 elementor-section-boxed elementor-section-height-default elementor-section-height-default\" data-id=\"746b937\" data-element_type=\"section\" data-e-type=\"section\">\n\t\t\t\t\t\t<div class=\"elementor-container elementor-column-gap-default\">\n\t\t\t\t\t<div class=\"elementor-column elementor-col-100 elementor-top-column elementor-element elementor-element-c0b0567\" data-id=\"c0b0567\" data-element_type=\"column\" data-e-type=\"column\">\n\t\t\t<div class=\"elementor-widget-wrap elementor-element-populated\">\n\t\t\t\t\t\t<div class=\"elementor-element elementor-element-a6f13c2 elementor-widget-tablet__width-inherit elementor-widget elementor-widget-text-editor\" data-id=\"a6f13c2\" data-element_type=\"widget\" data-e-type=\"widget\" data-widget_type=\"text-editor.default\">\n\t\t\t\t<div class=\"elementor-widget-container\">\n\t\t\t\t\t\t\t\t\t<p>With an export quota of around 80 percent, the Green Tech Valley ecosystem is also the No. 1 international technology hotspot for climate protection and the circular economy. Innovation \u201cMade in Green Tech Valley\u201d has a global impact. For example, every 6th kWh of renewable electricity worldwide is generated with technology from the Valley. Pioneers and world market leaders such as ANDRITZ and Saubermacher from Styria or Sonnenkraft from Carinthia continue to successfully forge a path ahead, contributing to the forward growth of the location.<\/p>\t\t\t\t\t\t\t\t<\/div>\n\t\t\t\t<\/div>\n\t\t\t\t\t<\/div>\n\t\t<\/div>\n\t\t\t\t\t<\/div>\n\t\t<\/section>\n\t\t\t\t<section class=\"elementor-section elementor-top-section elementor-element elementor-element-4e46163 elementor-section-boxed elementor-section-height-default elementor-section-height-default\" data-id=\"4e46163\" data-element_type=\"section\" data-e-type=\"section\">\n\t\t\t\t\t\t<div class=\"elementor-container elementor-column-gap-default\">\n\t\t\t\t\t<div class=\"elementor-column elementor-col-100 elementor-top-column elementor-element elementor-element-8f0a3c6\" data-id=\"8f0a3c6\" data-element_type=\"column\" data-e-type=\"column\">\n\t\t\t<div class=\"elementor-widget-wrap elementor-element-populated\">\n\t\t\t\t\t\t<div class=\"elementor-element elementor-element-b2ebcce elementor-widget__width-initial elementor-widget-tablet__width-inherit elementor-widget elementor-widget-image\" data-id=\"b2ebcce\" data-element_type=\"widget\" data-e-type=\"widget\" data-widget_type=\"image.default\">\n\t\t\t\t<div class=\"elementor-widget-container\">\n\t\t\t\t\t\t\t\t\t\t\t\t<figure class=\"wp-caption\">\n\t\t\t\t\t\t\t\t\t\t\t<a href=\"https:\/\/www.greentech.at\/wp-content\/uploads\/2022\/11\/jeronimo-heitor-coelho_optimized-scaled.jpg\" data-elementor-open-lightbox=\"yes\" data-elementor-lightbox-title=\"jer\u00f3nimo-heitor-coelho_optimized\" data-e-action-hash=\"#elementor-action%3Aaction%3Dlightbox%26settings%3DeyJpZCI6OTgwNjEsInVybCI6Imh0dHBzOlwvXC93d3cuZ3JlZW50ZWNoLmF0XC93cC1jb250ZW50XC91cGxvYWRzXC8yMDIyXC8xMVwvamVyb25pbW8taGVpdG9yLWNvZWxob19vcHRpbWl6ZWQtc2NhbGVkLmpwZyJ9\">\n\t\t\t\t\t\t\t<img decoding=\"async\" class=\"\" src=\"https:\/\/www.greentech.at\/wp-content\/uploads\/2022\/11\/jeronimo-heitor-coelho_optimized-scaled.jpg\" title=\"jer\u00f3nimo-heitor-coelho_optimized\" alt=\"jeronimo-heitor-coelho_optimized-scaled\" loading=\"lazy\" \/>\t\t\t\t\t\t\t\t<\/a>\n\t\t\t\t\t\t\t\t\t\t\t<figcaption class=\"widget-image-caption wp-caption-text\">\u00a9 Jer\u00f3nimo Heitor Coelho<\/figcaption>\n\t\t\t\t\t\t\t\t\t\t<\/figure>\n\t\t\t\t\t\t\t\t\t<\/div>\n\t\t\t\t<\/div>\n\t\t\t\t\t<\/div>\n\t\t<\/div>\n\t\t\t\t\t<\/div>\n\t\t<\/section>\n\t\t\t\t<section class=\"elementor-section elementor-top-section elementor-element elementor-element-efd749d elementor-section-boxed elementor-section-height-default elementor-section-height-default\" data-id=\"efd749d\" data-element_type=\"section\" data-e-type=\"section\">\n\t\t\t\t\t\t<div class=\"elementor-container elementor-column-gap-default\">\n\t\t\t\t\t<div class=\"elementor-column elementor-col-100 elementor-top-column elementor-element elementor-element-0956ff2\" data-id=\"0956ff2\" data-element_type=\"column\" data-e-type=\"column\">\n\t\t\t<div class=\"elementor-widget-wrap elementor-element-populated\">\n\t\t\t\t\t\t<div class=\"elementor-element elementor-element-ec1ede1 elementor-widget elementor-widget-spacer\" data-id=\"ec1ede1\" data-element_type=\"widget\" data-e-type=\"widget\" data-widget_type=\"spacer.default\">\n\t\t\t\t<div class=\"elementor-widget-container\">\n\t\t\t\t\t\t\t<div class=\"elementor-spacer\">\n\t\t\t<div class=\"elementor-spacer-inner\"><\/div>\n\t\t<\/div>\n\t\t\t\t\t\t<\/div>\n\t\t\t\t<\/div>\n\t\t\t\t\t<\/div>\n\t\t<\/div>\n\t\t\t\t\t<\/div>\n\t\t<\/section>\n\t\t\t\t<section class=\"elementor-section elementor-top-section elementor-element elementor-element-e7c6545 elementor-section-boxed elementor-section-height-default elementor-section-height-default\" data-id=\"e7c6545\" data-element_type=\"section\" data-e-type=\"section\">\n\t\t\t\t\t\t<div class=\"elementor-container elementor-column-gap-default\">\n\t\t\t\t\t<div class=\"elementor-column elementor-col-100 elementor-top-column elementor-element elementor-element-c36f9f9\" data-id=\"c36f9f9\" data-element_type=\"column\" data-e-type=\"column\">\n\t\t\t<div class=\"elementor-widget-wrap elementor-element-populated\">\n\t\t\t\t\t\t<div class=\"elementor-element elementor-element-741d98a elementor-widget-tablet__width-inherit elementor-widget elementor-widget-text-editor\" data-id=\"741d98a\" data-element_type=\"widget\" data-e-type=\"widget\" data-widget_type=\"text-editor.default\">\n\t\t\t\t<div class=\"elementor-widget-container\">\n\t\t\t\t\t\t\t\t\t<p style=\"font-family: Roboto, sans-serif; color: #3c3c3b;\"><span style=\"color: #1a1a1a;\">f.l.t.r. EU Commissioner Elisa Ferreira, Cluster Managing Director Bernhard Puttinger, Minister for Regional Development in Portugal Ana Abrunhosa<\/span><\/p>\t\t\t\t\t\t\t\t<\/div>\n\t\t\t\t<\/div>\n\t\t\t\t\t<\/div>\n\t\t<\/div>\n\t\t\t\t\t<\/div>\n\t\t<\/section>\n\t\t\t\t<\/div>\n\t\t","protected":false},"excerpt":{"rendered":"<p>Southern Austria \u2013 the Green Tech Valley \u2013 is a role model for Europe: The location has been singled out by the EU, from among the 300 finalists and winners of the last 15 years, as one of the \u201cAll-Time\u201d regional stars in recognition of its particularly strong development of the ecosystem. The award was presented in Portugal by EU Commissioner Elisa Ferreira for the innovative regional development generated by the cluster.<\/p>\n","protected":false},"featured_media":98192,"template":"","class_list":["post-98191","gtc-presse","type-gtc-presse","status-publish","has-post-thumbnail","hentry"],"acf":[],"yoast_head":"<!-- This site is optimized with the Yoast SEO plugin v27.3 - https:\/\/yoast.com\/product\/yoast-seo-wordpress\/ -->\n<title>Certificate of Excellence: EU recognition of the Green Tech Valley at the Anniversary Regiostars Awards<\/title>\n<meta name=\"description\" content=\"Certificate of Excellence for Styria &amp; Carinthia: EU recognition of the Green Tech Valley at the Anniversary Regiostars Awards.\" \/>\n<meta name=\"robots\" content=\"index, follow, max-snippet:-1, max-image-preview:large, max-video-preview:-1\" \/>\n<link rel=\"canonical\" href=\"https:\/\/www.greentech.at\/en\/press\/eu-recognition-of-green-tech-valley-at-anniversary-regiostars-awards\/\" \/>\n<meta property=\"og:locale\" content=\"en_US\" \/>\n<meta property=\"og:type\" content=\"article\" \/>\n<meta property=\"og:title\" content=\"Certificate of Excellence: EU recognition of the Green Tech Valley at the Anniversary Regiostars Awards\" \/>\n<meta property=\"og:description\" content=\"Certificate of Excellence for Styria &amp; Carinthia: EU recognition of the Green Tech Valley at the Anniversary Regiostars Awards.\" \/>\n<meta property=\"og:url\" content=\"https:\/\/www.greentech.at\/en\/press\/eu-recognition-of-green-tech-valley-at-anniversary-regiostars-awards\/\" \/>\n<meta property=\"og:site_name\" content=\"Green Tech Valley Cluster\" \/>\n<meta property=\"article:modified_time\" content=\"2022-11-23T15:13:11+00:00\" \/>\n<meta property=\"og:image\" content=\"https:\/\/www.greentech.at\/wp-content\/uploads\/2022\/11\/News-Bilder-1200-\u00d7-120-px-1200-\u00d7-1200-px-350-\u00d7-215-px-1200-\u00d7-1200-px-730-\u00d7-446-px-1280-\u00d7-720-px-350-\u00d7-215-px.png\" \/>\n\t<meta property=\"og:image:width\" content=\"350\" \/>\n\t<meta property=\"og:image:height\" content=\"215\" \/>\n\t<meta property=\"og:image:type\" content=\"image\/png\" \/>\n<meta name=\"twitter:card\" content=\"summary_large_image\" \/>\n<meta name=\"twitter:label1\" content=\"Est. reading time\" \/>\n\t<meta name=\"twitter:data1\" content=\"2 minutes\" \/>\n<script type=\"application\/ld+json\" class=\"yoast-schema-graph\">{\"@context\":\"https:\\\/\\\/schema.org\",\"@graph\":[{\"@type\":\"WebPage\",\"@id\":\"https:\\\/\\\/www.greentech.at\\\/en\\\/press\\\/eu-recognition-of-green-tech-valley-at-anniversary-regiostars-awards\\\/\",\"url\":\"https:\\\/\\\/www.greentech.at\\\/en\\\/press\\\/eu-recognition-of-green-tech-valley-at-anniversary-regiostars-awards\\\/\",\"name\":\"Certificate of Excellence: EU recognition of the Green Tech Valley at the Anniversary Regiostars Awards\",\"isPartOf\":{\"@id\":\"https:\\\/\\\/www.greentech.at\\\/#website\"},\"primaryImageOfPage\":{\"@id\":\"https:\\\/\\\/www.greentech.at\\\/en\\\/press\\\/eu-recognition-of-green-tech-valley-at-anniversary-regiostars-awards\\\/#primaryimage\"},\"image\":{\"@id\":\"https:\\\/\\\/www.greentech.at\\\/en\\\/press\\\/eu-recognition-of-green-tech-valley-at-anniversary-regiostars-awards\\\/#primaryimage\"},\"thumbnailUrl\":\"https:\\\/\\\/www.greentech.at\\\/wp-content\\\/uploads\\\/2022\\\/11\\\/News-Bilder-1200-\u00d7-120-px-1200-\u00d7-1200-px-350-\u00d7-215-px-1200-\u00d7-1200-px-730-\u00d7-446-px-1280-\u00d7-720-px-350-\u00d7-215-px.png\",\"datePublished\":\"2022-11-23T14:31:17+00:00\",\"dateModified\":\"2022-11-23T15:13:11+00:00\",\"description\":\"Certificate of Excellence for Styria & Carinthia: EU recognition of the Green Tech Valley at the Anniversary Regiostars Awards.\",\"breadcrumb\":{\"@id\":\"https:\\\/\\\/www.greentech.at\\\/en\\\/press\\\/eu-recognition-of-green-tech-valley-at-anniversary-regiostars-awards\\\/#breadcrumb\"},\"inLanguage\":\"en-US\",\"potentialAction\":[{\"@type\":\"ReadAction\",\"target\":[\"https:\\\/\\\/www.greentech.at\\\/en\\\/press\\\/eu-recognition-of-green-tech-valley-at-anniversary-regiostars-awards\\\/\"]}]},{\"@type\":\"ImageObject\",\"inLanguage\":\"en-US\",\"@id\":\"https:\\\/\\\/www.greentech.at\\\/en\\\/press\\\/eu-recognition-of-green-tech-valley-at-anniversary-regiostars-awards\\\/#primaryimage\",\"url\":\"https:\\\/\\\/www.greentech.at\\\/wp-content\\\/uploads\\\/2022\\\/11\\\/News-Bilder-1200-\u00d7-120-px-1200-\u00d7-1200-px-350-\u00d7-215-px-1200-\u00d7-1200-px-730-\u00d7-446-px-1280-\u00d7-720-px-350-\u00d7-215-px.png\",\"contentUrl\":\"https:\\\/\\\/www.greentech.at\\\/wp-content\\\/uploads\\\/2022\\\/11\\\/News-Bilder-1200-\u00d7-120-px-1200-\u00d7-1200-px-350-\u00d7-215-px-1200-\u00d7-1200-px-730-\u00d7-446-px-1280-\u00d7-720-px-350-\u00d7-215-px.png\",\"width\":350,\"height\":215,\"caption\":\"News-Bilder-1200-\u00d7-120-px-1200-\u00d7-1200-px-350-\u00d7-215-px-1200-\u00d7-1200-px-730-\u00d7-446-px-1280-\u00d7-720-px-350-\u00d7-215-px\"},{\"@type\":\"BreadcrumbList\",\"@id\":\"https:\\\/\\\/www.greentech.at\\\/en\\\/press\\\/eu-recognition-of-green-tech-valley-at-anniversary-regiostars-awards\\\/#breadcrumb\",\"itemListElement\":[{\"@type\":\"ListItem\",\"position\":1,\"name\":\"Startseite\",\"item\":\"https:\\\/\\\/www.greentech.at\\\/\"},{\"@type\":\"ListItem\",\"position\":2,\"name\":\"Presse\",\"item\":\"https:\\\/\\\/www.greentech.at\\\/presse\\\/\"},{\"@type\":\"ListItem\",\"position\":3,\"name\":\"Certificate of Excellence: EU recognition of the Green Tech Valley at the Anniversary Regiostars Awards\"}]},{\"@type\":\"WebSite\",\"@id\":\"https:\\\/\\\/www.greentech.at\\\/#website\",\"url\":\"https:\\\/\\\/www.greentech.at\\\/\",\"name\":\"Green Tech Valley Cluster\",\"description\":\"Willkommen im Green Tech Valley, dem globalen Hotspot #1 f\u00fcr Climate und Circular Solutions\",\"publisher\":{\"@id\":\"https:\\\/\\\/www.greentech.at\\\/#organization\"},\"potentialAction\":[{\"@type\":\"SearchAction\",\"target\":{\"@type\":\"EntryPoint\",\"urlTemplate\":\"https:\\\/\\\/www.greentech.at\\\/?s={search_term_string}\"},\"query-input\":{\"@type\":\"PropertyValueSpecification\",\"valueRequired\":true,\"valueName\":\"search_term_string\"}}],\"inLanguage\":\"en-US\"},{\"@type\":\"Organization\",\"@id\":\"https:\\\/\\\/www.greentech.at\\\/#organization\",\"name\":\"Green Tech Valley Cluster\",\"url\":\"https:\\\/\\\/www.greentech.at\\\/\",\"logo\":{\"@type\":\"ImageObject\",\"inLanguage\":\"en-US\",\"@id\":\"https:\\\/\\\/www.greentech.at\\\/#\\\/schema\\\/logo\\\/image\\\/\",\"url\":\"https:\\\/\\\/www.greentech.at\\\/wp-content\\\/uploads\\\/2021\\\/04\\\/cropped-GTV_Log-scaled.png\",\"contentUrl\":\"https:\\\/\\\/www.greentech.at\\\/wp-content\\\/uploads\\\/2021\\\/04\\\/cropped-GTV_Log-scaled.png\",\"width\":2560,\"height\":1734,\"caption\":\"Green Tech Valley Cluster\"},\"image\":{\"@id\":\"https:\\\/\\\/www.greentech.at\\\/#\\\/schema\\\/logo\\\/image\\\/\"},\"sameAs\":[\"https:\\\/\\\/www.linkedin.com\\\/company\\\/greentechcluster\"]}]}<\/script>\n<!-- \/ Yoast SEO plugin. -->","yoast_head_json":{"title":"Certificate of Excellence: EU recognition of the Green Tech Valley at the Anniversary Regiostars Awards","description":"Certificate of Excellence for Styria & Carinthia: EU recognition of the Green Tech Valley at the Anniversary Regiostars Awards.","robots":{"index":"index","follow":"follow","max-snippet":"max-snippet:-1","max-image-preview":"max-image-preview:large","max-video-preview":"max-video-preview:-1"},"canonical":"https:\/\/www.greentech.at\/en\/press\/eu-recognition-of-green-tech-valley-at-anniversary-regiostars-awards\/","og_locale":"en_US","og_type":"article","og_title":"Certificate of Excellence: EU recognition of the Green Tech Valley at the Anniversary Regiostars Awards","og_description":"Certificate of Excellence for Styria & Carinthia: EU recognition of the Green Tech Valley at the Anniversary Regiostars Awards.","og_url":"https:\/\/www.greentech.at\/en\/press\/eu-recognition-of-green-tech-valley-at-anniversary-regiostars-awards\/","og_site_name":"Green Tech Valley Cluster","article_modified_time":"2022-11-23T15:13:11+00:00","og_image":[{"width":350,"height":215,"url":"https:\/\/www.greentech.at\/wp-content\/uploads\/2022\/11\/News-Bilder-1200-\u00d7-120-px-1200-\u00d7-1200-px-350-\u00d7-215-px-1200-\u00d7-1200-px-730-\u00d7-446-px-1280-\u00d7-720-px-350-\u00d7-215-px.png","type":"image\/png"}],"twitter_card":"summary_large_image","twitter_misc":{"Est. reading time":"2 minutes"},"schema":{"@context":"https:\/\/schema.org","@graph":[{"@type":"WebPage","@id":"https:\/\/www.greentech.at\/en\/press\/eu-recognition-of-green-tech-valley-at-anniversary-regiostars-awards\/","url":"https:\/\/www.greentech.at\/en\/press\/eu-recognition-of-green-tech-valley-at-anniversary-regiostars-awards\/","name":"Certificate of Excellence: EU recognition of the Green Tech Valley at the Anniversary Regiostars Awards","isPartOf":{"@id":"https:\/\/www.greentech.at\/#website"},"primaryImageOfPage":{"@id":"https:\/\/www.greentech.at\/en\/press\/eu-recognition-of-green-tech-valley-at-anniversary-regiostars-awards\/#primaryimage"},"image":{"@id":"https:\/\/www.greentech.at\/en\/press\/eu-recognition-of-green-tech-valley-at-anniversary-regiostars-awards\/#primaryimage"},"thumbnailUrl":"https:\/\/www.greentech.at\/wp-content\/uploads\/2022\/11\/News-Bilder-1200-\u00d7-120-px-1200-\u00d7-1200-px-350-\u00d7-215-px-1200-\u00d7-1200-px-730-\u00d7-446-px-1280-\u00d7-720-px-350-\u00d7-215-px.png","datePublished":"2022-11-23T14:31:17+00:00","dateModified":"2022-11-23T15:13:11+00:00","description":"Certificate of Excellence for Styria & Carinthia: EU recognition of the Green Tech Valley at the Anniversary Regiostars Awards.","breadcrumb":{"@id":"https:\/\/www.greentech.at\/en\/press\/eu-recognition-of-green-tech-valley-at-anniversary-regiostars-awards\/#breadcrumb"},"inLanguage":"en-US","potentialAction":[{"@type":"ReadAction","target":["https:\/\/www.greentech.at\/en\/press\/eu-recognition-of-green-tech-valley-at-anniversary-regiostars-awards\/"]}]},{"@type":"ImageObject","inLanguage":"en-US","@id":"https:\/\/www.greentech.at\/en\/press\/eu-recognition-of-green-tech-valley-at-anniversary-regiostars-awards\/#primaryimage","url":"https:\/\/www.greentech.at\/wp-content\/uploads\/2022\/11\/News-Bilder-1200-\u00d7-120-px-1200-\u00d7-1200-px-350-\u00d7-215-px-1200-\u00d7-1200-px-730-\u00d7-446-px-1280-\u00d7-720-px-350-\u00d7-215-px.png","contentUrl":"https:\/\/www.greentech.at\/wp-content\/uploads\/2022\/11\/News-Bilder-1200-\u00d7-120-px-1200-\u00d7-1200-px-350-\u00d7-215-px-1200-\u00d7-1200-px-730-\u00d7-446-px-1280-\u00d7-720-px-350-\u00d7-215-px.png","width":350,"height":215,"caption":"News-Bilder-1200-\u00d7-120-px-1200-\u00d7-1200-px-350-\u00d7-215-px-1200-\u00d7-1200-px-730-\u00d7-446-px-1280-\u00d7-720-px-350-\u00d7-215-px"},{"@type":"BreadcrumbList","@id":"https:\/\/www.greentech.at\/en\/press\/eu-recognition-of-green-tech-valley-at-anniversary-regiostars-awards\/#breadcrumb","itemListElement":[{"@type":"ListItem","position":1,"name":"Startseite","item":"https:\/\/www.greentech.at\/"},{"@type":"ListItem","position":2,"name":"Presse","item":"https:\/\/www.greentech.at\/presse\/"},{"@type":"ListItem","position":3,"name":"Certificate of Excellence: EU recognition of the Green Tech Valley at the Anniversary Regiostars Awards"}]},{"@type":"WebSite","@id":"https:\/\/www.greentech.at\/#website","url":"https:\/\/www.greentech.at\/","name":"Green Tech Valley Cluster","description":"Willkommen im Green Tech Valley, dem globalen Hotspot #1 f\u00fcr Climate und Circular Solutions","publisher":{"@id":"https:\/\/www.greentech.at\/#organization"},"potentialAction":[{"@type":"SearchAction","target":{"@type":"EntryPoint","urlTemplate":"https:\/\/www.greentech.at\/?s={search_term_string}"},"query-input":{"@type":"PropertyValueSpecification","valueRequired":true,"valueName":"search_term_string"}}],"inLanguage":"en-US"},{"@type":"Organization","@id":"https:\/\/www.greentech.at\/#organization","name":"Green Tech Valley Cluster","url":"https:\/\/www.greentech.at\/","logo":{"@type":"ImageObject","inLanguage":"en-US","@id":"https:\/\/www.greentech.at\/#\/schema\/logo\/image\/","url":"https:\/\/www.greentech.at\/wp-content\/uploads\/2021\/04\/cropped-GTV_Log-scaled.png","contentUrl":"https:\/\/www.greentech.at\/wp-content\/uploads\/2021\/04\/cropped-GTV_Log-scaled.png","width":2560,"height":1734,"caption":"Green Tech Valley Cluster"},"image":{"@id":"https:\/\/www.greentech.at\/#\/schema\/logo\/image\/"},"sameAs":["https:\/\/www.linkedin.com\/company\/greentechcluster"]}]}},"_links":{"self":[{"href":"https:\/\/www.greentech.at\/en\/wp-json\/wp\/v2\/gtc-presse\/98191","targetHints":{"allow":["GET"]}}],"collection":[{"href":"https:\/\/www.greentech.at\/en\/wp-json\/wp\/v2\/gtc-presse"}],"about":[{"href":"https:\/\/www.greentech.at\/en\/wp-json\/wp\/v2\/types\/gtc-presse"}],"version-history":[{"count":4,"href":"https:\/\/www.greentech.at\/en\/wp-json\/wp\/v2\/gtc-presse\/98191\/revisions"}],"predecessor-version":[{"id":98239,"href":"https:\/\/www.greentech.at\/en\/wp-json\/wp\/v2\/gtc-presse\/98191\/revisions\/98239"}],"wp:featuredmedia":[{"embeddable":true,"href":"https:\/\/www.greentech.at\/en\/wp-json\/wp\/v2\/media\/98192"}],"wp:attachment":[{"href":"https:\/\/www.greentech.at\/en\/wp-json\/wp\/v2\/media?parent=98191"}],"curies":[{"name":"wp","href":"https:\/\/api.w.org\/{rel}","templated":true}]}}